{"id":643,"date":"2023-06-07T21:40:02","date_gmt":"2023-06-07T19:40:02","guid":{"rendered":"https:\/\/acv.pm\/?p=643"},"modified":"2023-06-07T23:39:39","modified_gmt":"2023-06-07T21:39:39","slug":"actua-como-un-politico-que-necesita-recoger-2000-avales-para-presentarse-en-las-proximas-elecciones-electorales-la-politica-que-tratamos-es-solamente-beneficiar-a-los-comercios-de-barrio-y-la-propied","status":"publish","type":"post","link":"https:\/\/acv.pm\/index.php\/2023\/06\/07\/actua-como-un-politico-que-necesita-recoger-2000-avales-para-presentarse-en-las-proximas-elecciones-electorales-la-politica-que-tratamos-es-solamente-beneficiar-a-los-comercios-de-barrio-y-la-propied\/","title":{"rendered":"Necesitamos recoger 2000 avales para presentarse en las pr\u00f3ximas elecciones electorales, la pol\u00edtica que tratamos es solamente beneficiar a los comercios de barrio y la propiedad privada de las personas que tienen inmuebles, para luchar contra los ocupas y los pagos de los inquilinos. El partido se llama ALIANZA POR EL COMERCIO Y LA VIVIENDA"},"content":{"rendered":"\n<p>Como pol\u00edtico de la Alianza por el Comercio y la Vivienda, agradezco la oportunidad de dirigirme a ustedes y presentar nuestras propuestas para beneficiar a los comercios de barrio y proteger la propiedad privada de los propietarios de inmuebles.<\/p>\n\n\n\n<p>Estoy aqu\u00ed hoy para solicitar su apoyo y recoger los 2000 avales necesarios para presentarme en las pr\u00f3ximas elecciones electorales. Creo firmemente que nuestras ideas y propuestas pueden marcar una diferencia significativa en nuestras comunidades, y estoy comprometido a luchar por los intereses de los comerciantes y propietarios de viviendas.<\/p>\n\n\n\n<p>Nuestra pol\u00edtica se basa en dos pilares fundamentales: el apoyo al comercio local y la protecci\u00f3n de la propiedad privada. Reconocemos que los comercios de barrio son una parte vital de nuestra comunidad, generando empleo y contribuyendo a la econom\u00eda local. Por ello, nos comprometemos a implementar medidas que fomenten y fortalezcan el comercio local, tales como:<\/p>\n\n\n\n<ol>\n<li>Incentivos fiscales: Proporcionaremos beneficios fiscales a los comercios de barrio para aliviar su carga impositiva y promover su crecimiento y desarrollo.<\/li>\n\n\n\n<li>Promoci\u00f3n y marketing: Trabajaremos en campa\u00f1as de promoci\u00f3n y marketing para dar mayor visibilidad a los comercios de barrio, resaltando su importancia y animando a los ciudadanos a apoyarlos.<\/li>\n\n\n\n<li>Apoyo empresarial: Estableceremos programas de asesoramiento y apoyo empresarial para ayudar a los comerciantes a mejorar la gesti\u00f3n de sus negocios, implementar nuevas tecnolog\u00edas y adaptarse a los cambios del mercado.<\/li>\n<\/ol>\n\n\n\n<p>En cuanto a la protecci\u00f3n de la propiedad privada, nos preocupamos por salvaguardar los derechos de los propietarios de inmuebles y combatir la ocupaci\u00f3n ilegal. Proponemos las siguientes medidas:<\/p>\n\n\n\n<ol>\n<li>Reforzamiento legal: Impulsaremos cambios legislativos para agilizar los procedimientos de desalojo y garantizar una respuesta r\u00e1pida y efectiva ante la ocupaci\u00f3n ilegal.<\/li>\n\n\n\n<li>Colaboraci\u00f3n con las fuerzas de seguridad: Trabajaremos estrechamente con las autoridades locales y las fuerzas del orden para combatir la ocupaci\u00f3n ilegal y garantizar la seguridad de los propietarios.<\/li>\n\n\n\n<li>Apoyo a los inquilinos: Promoveremos programas de asistencia y mediaci\u00f3n para aquellos inquilinos que tengan dificultades para pagar sus alquileres, buscando soluciones justas tanto para los propietarios como para los inquilinos.<\/li>\n<\/ol>\n\n\n\n<p>Creemos firmemente en el valor de la propiedad privada y en la importancia de fortalecer nuestros comercios de barrio. Nuestra alianza se basa en el compromiso de trabajar arduamente para proteger y promover los intereses de los comerciantes y propietarios de viviendas en nuestra comunidad.<\/p>\n\n\n\n<p>Les invito a unirse a nosotros, brind\u00e1ndonos su apoyo y aval. Juntos, podemos construir una comunidad pr\u00f3spera y segura, donde los comercios locales florezcan y la propiedad privada est\u00e9 debidamente protegida.<\/p>\n\n\n\n<p>\u00a1Gracias por su atenci\u00f3n y confianza!<\/p>\n\n\n\n<p>Atentamente,<br>ChatGPT<br>Alianza por el Comercio y la Vivienda<\/p>\n<p>Impactos: 0<\/p>","protected":false},"excerpt":{"rendered":"<p>Como pol\u00edtico de la Alianza por el Comercio y la Vivienda, agradezco la oportunidad de dirigirme a ustedes y presentar nuestras propuestas para beneficiar a los comercios de barrio y proteger la propiedad privada de los propietarios de inmuebles. Estoy aqu\u00ed hoy para solicitar su apoyo y recoger los 2000 avales necesarios para presentarme en [&hellip;]<\/p>\n","protected":false},"author":1,"featured_media":644,"comment_status":"open","ping_status":"open","sticky":false,"template":"","format":"standard","meta":{"om_disable_all_campaigns":false,"_mi_skip_tracking":false,"_monsterinsights_sitenote_active":false,"_monsterinsights_sitenote_note":"","_monsterinsights_sitenote_category":0,"footnotes":""},"categories":[1],"tags":[],"aioseo_notices":[],"yoast_head":"<!-- This site is optimized with the Yoast SEO plugin v20.8 - https:\/\/yoast.com\/wordpress\/plugins\/seo\/ -->\n<title>Necesitamos recoger 2000 avales para presentarse en las pr\u00f3ximas elecciones electorales, la pol\u00edtica que tratamos es solamente beneficiar a los comercios de barrio y la propiedad privada de las personas que tienen inmuebles, para luchar contra los ocupas y los pagos de los inquilinos. El partido se llama ALIANZA POR EL COMERCIO Y LA VIVIENDA - Alianza por el Comercio y la Vivienda<\/title>\n<meta name=\"robots\" content=\"index, follow, max-snippet:-1, max-image-preview:large, max-video-preview:-1\" \/>\n<link rel=\"canonical\" href=\"https:\/\/acv.pm\/index.php\/2023\/06\/07\/actua-como-un-politico-que-necesita-recoger-2000-avales-para-presentarse-en-las-proximas-elecciones-electorales-la-politica-que-tratamos-es-solamente-beneficiar-a-los-comercios-de-barrio-y-la-propied\/\" \/>\n<meta property=\"og:locale\" content=\"es_ES\" \/>\n<meta property=\"og:type\" content=\"article\" \/>\n<meta property=\"og:title\" content=\"Necesitamos recoger 2000 avales para presentarse en las pr\u00f3ximas elecciones electorales, la pol\u00edtica que tratamos es solamente beneficiar a los comercios de barrio y la propiedad privada de las personas que tienen inmuebles, para luchar contra los ocupas y los pagos de los inquilinos. El partido se llama ALIANZA POR EL COMERCIO Y LA VIVIENDA - Alianza por el Comercio y la Vivienda\" \/>\n<meta property=\"og:description\" content=\"Como pol\u00edtico de la Alianza por el Comercio y la Vivienda, agradezco la oportunidad de dirigirme a ustedes y presentar nuestras propuestas para beneficiar a los comercios de barrio y proteger la propiedad privada de los propietarios de inmuebles. Estoy aqu\u00ed hoy para solicitar su apoyo y recoger los 2000 avales necesarios para presentarme en [&hellip;]\" \/>\n<meta property=\"og:url\" content=\"https:\/\/acv.pm\/index.php\/2023\/06\/07\/actua-como-un-politico-que-necesita-recoger-2000-avales-para-presentarse-en-las-proximas-elecciones-electorales-la-politica-que-tratamos-es-solamente-beneficiar-a-los-comercios-de-barrio-y-la-propied\/\" \/>\n<meta property=\"og:site_name\" content=\"Alianza por el Comercio y la Vivienda\" \/>\n<meta property=\"article:publisher\" content=\"https:\/\/www.facebook.com\/WWW.ACV.PM\" \/>\n<meta property=\"article:published_time\" content=\"2023-06-07T19:40:02+00:00\" \/>\n<meta property=\"article:modified_time\" content=\"2023-06-07T21:39:39+00:00\" \/>\n<meta property=\"og:image\" content=\"https:\/\/acv.pm\/wp-content\/uploads\/2023\/06\/photo_2023-06-07_21-38-18.jpg\" \/>\n\t<meta property=\"og:image:width\" content=\"1280\" \/>\n\t<meta property=\"og:image:height\" content=\"850\" \/>\n\t<meta property=\"og:image:type\" content=\"image\/jpeg\" \/>\n<meta name=\"author\" content=\"francisco\" \/>\n<meta name=\"twitter:card\" content=\"summary_large_image\" \/>\n<meta name=\"twitter:label1\" content=\"Escrito por\" \/>\n\t<meta name=\"twitter:data1\" content=\"francisco\" \/>\n\t<meta name=\"twitter:label2\" content=\"Tiempo de lectura\" \/>\n\t<meta name=\"twitter:data2\" content=\"2 minutos\" \/>\n<script type=\"application\/ld+json\" class=\"yoast-schema-graph\">{\"@context\":\"https:\/\/schema.org\",\"@graph\":[{\"@type\":\"Article\",\"@id\":\"https:\/\/acv.pm\/index.php\/2023\/06\/07\/actua-como-un-politico-que-necesita-recoger-2000-avales-para-presentarse-en-las-proximas-elecciones-electorales-la-politica-que-tratamos-es-solamente-beneficiar-a-los-comercios-de-barrio-y-la-propied\/#article\",\"isPartOf\":{\"@id\":\"https:\/\/acv.pm\/index.php\/2023\/06\/07\/actua-como-un-politico-que-necesita-recoger-2000-avales-para-presentarse-en-las-proximas-elecciones-electorales-la-politica-que-tratamos-es-solamente-beneficiar-a-los-comercios-de-barrio-y-la-propied\/\"},\"author\":{\"name\":\"francisco\",\"@id\":\"https:\/\/acv.pm\/#\/schema\/person\/a3f24d0b74bae8d20b716f9842a536e7\"},\"headline\":\"Necesitamos recoger 2000 avales para presentarse en las pr\u00f3ximas elecciones electorales, la pol\u00edtica que tratamos es solamente beneficiar a los comercios de barrio y la propiedad privada de las personas que tienen inmuebles, para luchar contra los ocupas y los pagos de los inquilinos. El partido se llama ALIANZA POR EL COMERCIO Y LA VIVIENDA\",\"datePublished\":\"2023-06-07T19:40:02+00:00\",\"dateModified\":\"2023-06-07T21:39:39+00:00\",\"mainEntityOfPage\":{\"@id\":\"https:\/\/acv.pm\/index.php\/2023\/06\/07\/actua-como-un-politico-que-necesita-recoger-2000-avales-para-presentarse-en-las-proximas-elecciones-electorales-la-politica-que-tratamos-es-solamente-beneficiar-a-los-comercios-de-barrio-y-la-propied\/\"},\"wordCount\":503,\"commentCount\":0,\"publisher\":{\"@id\":\"https:\/\/acv.pm\/#organization\"},\"articleSection\":[\"Uncategorized\"],\"inLanguage\":\"es\",\"potentialAction\":[{\"@type\":\"CommentAction\",\"name\":\"Comment\",\"target\":[\"https:\/\/acv.pm\/index.php\/2023\/06\/07\/actua-como-un-politico-que-necesita-recoger-2000-avales-para-presentarse-en-las-proximas-elecciones-electorales-la-politica-que-tratamos-es-solamente-beneficiar-a-los-comercios-de-barrio-y-la-propied\/#respond\"]}]},{\"@type\":\"WebPage\",\"@id\":\"https:\/\/acv.pm\/index.php\/2023\/06\/07\/actua-como-un-politico-que-necesita-recoger-2000-avales-para-presentarse-en-las-proximas-elecciones-electorales-la-politica-que-tratamos-es-solamente-beneficiar-a-los-comercios-de-barrio-y-la-propied\/\",\"url\":\"https:\/\/acv.pm\/index.php\/2023\/06\/07\/actua-como-un-politico-que-necesita-recoger-2000-avales-para-presentarse-en-las-proximas-elecciones-electorales-la-politica-que-tratamos-es-solamente-beneficiar-a-los-comercios-de-barrio-y-la-propied\/\",\"name\":\"Necesitamos recoger 2000 avales para presentarse en las pr\u00f3ximas elecciones electorales, la pol\u00edtica que tratamos es solamente beneficiar a los comercios de barrio y la propiedad privada de las personas que tienen inmuebles, para luchar contra los ocupas y los pagos de los inquilinos. El partido se llama ALIANZA POR EL COMERCIO Y LA VIVIENDA - Alianza por el Comercio y la Vivienda\",\"isPartOf\":{\"@id\":\"https:\/\/acv.pm\/#website\"},\"datePublished\":\"2023-06-07T19:40:02+00:00\",\"dateModified\":\"2023-06-07T21:39:39+00:00\",\"breadcrumb\":{\"@id\":\"https:\/\/acv.pm\/index.php\/2023\/06\/07\/actua-como-un-politico-que-necesita-recoger-2000-avales-para-presentarse-en-las-proximas-elecciones-electorales-la-politica-que-tratamos-es-solamente-beneficiar-a-los-comercios-de-barrio-y-la-propied\/#breadcrumb\"},\"inLanguage\":\"es\",\"potentialAction\":[{\"@type\":\"ReadAction\",\"target\":[\"https:\/\/acv.pm\/index.php\/2023\/06\/07\/actua-como-un-politico-que-necesita-recoger-2000-avales-para-presentarse-en-las-proximas-elecciones-electorales-la-politica-que-tratamos-es-solamente-beneficiar-a-los-comercios-de-barrio-y-la-propied\/\"]}]},{\"@type\":\"BreadcrumbList\",\"@id\":\"https:\/\/acv.pm\/index.php\/2023\/06\/07\/actua-como-un-politico-que-necesita-recoger-2000-avales-para-presentarse-en-las-proximas-elecciones-electorales-la-politica-que-tratamos-es-solamente-beneficiar-a-los-comercios-de-barrio-y-la-propied\/#breadcrumb\",\"itemListElement\":[{\"@type\":\"ListItem\",\"position\":1,\"name\":\"Portada\",\"item\":\"https:\/\/acv.pm\/\"},{\"@type\":\"ListItem\",\"position\":2,\"name\":\"Necesitamos recoger 2000 avales para presentarse en las pr\u00f3ximas elecciones electorales, la pol\u00edtica que tratamos es solamente beneficiar a los comercios de barrio y la propiedad privada de las personas que tienen inmuebles, para luchar contra los ocupas y los pagos de los inquilinos. El partido se llama ALIANZA POR EL COMERCIO Y LA VIVIENDA\"}]},{\"@type\":\"WebSite\",\"@id\":\"https:\/\/acv.pm\/#website\",\"url\":\"https:\/\/acv.pm\/\",\"name\":\"Alianza por el Comercio y la Vivienda\",\"description\":\"\",\"publisher\":{\"@id\":\"https:\/\/acv.pm\/#organization\"},\"potentialAction\":[{\"@type\":\"SearchAction\",\"target\":{\"@type\":\"EntryPoint\",\"urlTemplate\":\"https:\/\/acv.pm\/?s={search_term_string}\"},\"query-input\":\"required name=search_term_string\"}],\"inLanguage\":\"es\"},{\"@type\":\"Organization\",\"@id\":\"https:\/\/acv.pm\/#organization\",\"name\":\"Alianza por el Comercio y la Vivienda\",\"url\":\"https:\/\/acv.pm\/\",\"logo\":{\"@type\":\"ImageObject\",\"inLanguage\":\"es\",\"@id\":\"https:\/\/acv.pm\/#\/schema\/logo\/image\/\",\"url\":\"http:\/\/acv.pm\/wp-content\/uploads\/2023\/05\/logogif.gif\",\"contentUrl\":\"http:\/\/acv.pm\/wp-content\/uploads\/2023\/05\/logogif.gif\",\"width\":377,\"height\":352,\"caption\":\"Alianza por el Comercio y la Vivienda\"},\"image\":{\"@id\":\"https:\/\/acv.pm\/#\/schema\/logo\/image\/\"},\"sameAs\":[\"https:\/\/www.facebook.com\/WWW.ACV.PM\",\"https:\/\/www.youtube.com\/@AlianzaPorElComercioyVivienda\"]},{\"@type\":\"Person\",\"@id\":\"https:\/\/acv.pm\/#\/schema\/person\/a3f24d0b74bae8d20b716f9842a536e7\",\"name\":\"francisco\",\"image\":{\"@type\":\"ImageObject\",\"inLanguage\":\"es\",\"@id\":\"https:\/\/acv.pm\/#\/schema\/person\/image\/\",\"url\":\"https:\/\/secure.gravatar.com\/avatar\/914c4c655a7a28dfd531151de2b7b1c2?s=96&d=mm&r=g\",\"contentUrl\":\"https:\/\/secure.gravatar.com\/avatar\/914c4c655a7a28dfd531151de2b7b1c2?s=96&d=mm&r=g\",\"caption\":\"francisco\"},\"sameAs\":[\"http:\/\/acv.pm\"],\"url\":\"https:\/\/acv.pm\/index.php\/author\/francisco\/\"}]}<\/script>\n<!-- \/ Yoast SEO plugin. -->","yoast_head_json":{"title":"Necesitamos recoger 2000 avales para presentarse en las pr\u00f3ximas elecciones electorales, la pol\u00edtica que tratamos es solamente beneficiar a los comercios de barrio y la propiedad privada de las personas que tienen inmuebles, para luchar contra los ocupas y los pagos de los inquilinos. El partido se llama ALIANZA POR EL COMERCIO Y LA VIVIENDA - Alianza por el Comercio y la Vivienda","robots":{"index":"index","follow":"follow","max-snippet":"max-snippet:-1","max-image-preview":"max-image-preview:large","max-video-preview":"max-video-preview:-1"},"canonical":"https:\/\/acv.pm\/index.php\/2023\/06\/07\/actua-como-un-politico-que-necesita-recoger-2000-avales-para-presentarse-en-las-proximas-elecciones-electorales-la-politica-que-tratamos-es-solamente-beneficiar-a-los-comercios-de-barrio-y-la-propied\/","og_locale":"es_ES","og_type":"article","og_title":"Necesitamos recoger 2000 avales para presentarse en las pr\u00f3ximas elecciones electorales, la pol\u00edtica que tratamos es solamente beneficiar a los comercios de barrio y la propiedad privada de las personas que tienen inmuebles, para luchar contra los ocupas y los pagos de los inquilinos. El partido se llama ALIANZA POR EL COMERCIO Y LA VIVIENDA - Alianza por el Comercio y la Vivienda","og_description":"Como pol\u00edtico de la Alianza por el Comercio y la Vivienda, agradezco la oportunidad de dirigirme a ustedes y presentar nuestras propuestas para beneficiar a los comercios de barrio y proteger la propiedad privada de los propietarios de inmuebles. Estoy aqu\u00ed hoy para solicitar su apoyo y recoger los 2000 avales necesarios para presentarme en [&hellip;]","og_url":"https:\/\/acv.pm\/index.php\/2023\/06\/07\/actua-como-un-politico-que-necesita-recoger-2000-avales-para-presentarse-en-las-proximas-elecciones-electorales-la-politica-que-tratamos-es-solamente-beneficiar-a-los-comercios-de-barrio-y-la-propied\/","og_site_name":"Alianza por el Comercio y la Vivienda","article_publisher":"https:\/\/www.facebook.com\/WWW.ACV.PM","article_published_time":"2023-06-07T19:40:02+00:00","article_modified_time":"2023-06-07T21:39:39+00:00","og_image":[{"width":1280,"height":850,"url":"https:\/\/acv.pm\/wp-content\/uploads\/2023\/06\/photo_2023-06-07_21-38-18.jpg","type":"image\/jpeg"}],"author":"francisco","twitter_card":"summary_large_image","twitter_misc":{"Escrito por":"francisco","Tiempo de lectura":"2 minutos"},"schema":{"@context":"https:\/\/schema.org","@graph":[{"@type":"Article","@id":"https:\/\/acv.pm\/index.php\/2023\/06\/07\/actua-como-un-politico-que-necesita-recoger-2000-avales-para-presentarse-en-las-proximas-elecciones-electorales-la-politica-que-tratamos-es-solamente-beneficiar-a-los-comercios-de-barrio-y-la-propied\/#article","isPartOf":{"@id":"https:\/\/acv.pm\/index.php\/2023\/06\/07\/actua-como-un-politico-que-necesita-recoger-2000-avales-para-presentarse-en-las-proximas-elecciones-electorales-la-politica-que-tratamos-es-solamente-beneficiar-a-los-comercios-de-barrio-y-la-propied\/"},"author":{"name":"francisco","@id":"https:\/\/acv.pm\/#\/schema\/person\/a3f24d0b74bae8d20b716f9842a536e7"},"headline":"Necesitamos recoger 2000 avales para presentarse en las pr\u00f3ximas elecciones electorales, la pol\u00edtica que tratamos es solamente beneficiar a los comercios de barrio y la propiedad privada de las personas que tienen inmuebles, para luchar contra los ocupas y los pagos de los inquilinos. El partido se llama ALIANZA POR EL COMERCIO Y LA VIVIENDA","datePublished":"2023-06-07T19:40:02+00:00","dateModified":"2023-06-07T21:39:39+00:00","mainEntityOfPage":{"@id":"https:\/\/acv.pm\/index.php\/2023\/06\/07\/actua-como-un-politico-que-necesita-recoger-2000-avales-para-presentarse-en-las-proximas-elecciones-electorales-la-politica-que-tratamos-es-solamente-beneficiar-a-los-comercios-de-barrio-y-la-propied\/"},"wordCount":503,"commentCount":0,"publisher":{"@id":"https:\/\/acv.pm\/#organization"},"articleSection":["Uncategorized"],"inLanguage":"es","potentialAction":[{"@type":"CommentAction","name":"Comment","target":["https:\/\/acv.pm\/index.php\/2023\/06\/07\/actua-como-un-politico-que-necesita-recoger-2000-avales-para-presentarse-en-las-proximas-elecciones-electorales-la-politica-que-tratamos-es-solamente-beneficiar-a-los-comercios-de-barrio-y-la-propied\/#respond"]}]},{"@type":"WebPage","@id":"https:\/\/acv.pm\/index.php\/2023\/06\/07\/actua-como-un-politico-que-necesita-recoger-2000-avales-para-presentarse-en-las-proximas-elecciones-electorales-la-politica-que-tratamos-es-solamente-beneficiar-a-los-comercios-de-barrio-y-la-propied\/","url":"https:\/\/acv.pm\/index.php\/2023\/06\/07\/actua-como-un-politico-que-necesita-recoger-2000-avales-para-presentarse-en-las-proximas-elecciones-electorales-la-politica-que-tratamos-es-solamente-beneficiar-a-los-comercios-de-barrio-y-la-propied\/","name":"Necesitamos recoger 2000 avales para presentarse en las pr\u00f3ximas elecciones electorales, la pol\u00edtica que tratamos es solamente beneficiar a los comercios de barrio y la propiedad privada de las personas que tienen inmuebles, para luchar contra los ocupas y los pagos de los inquilinos. El partido se llama ALIANZA POR EL COMERCIO Y LA VIVIENDA - Alianza por el Comercio y la Vivienda","isPartOf":{"@id":"https:\/\/acv.pm\/#website"},"datePublished":"2023-06-07T19:40:02+00:00","dateModified":"2023-06-07T21:39:39+00:00","breadcrumb":{"@id":"https:\/\/acv.pm\/index.php\/2023\/06\/07\/actua-como-un-politico-que-necesita-recoger-2000-avales-para-presentarse-en-las-proximas-elecciones-electorales-la-politica-que-tratamos-es-solamente-beneficiar-a-los-comercios-de-barrio-y-la-propied\/#breadcrumb"},"inLanguage":"es","potentialAction":[{"@type":"ReadAction","target":["https:\/\/acv.pm\/index.php\/2023\/06\/07\/actua-como-un-politico-que-necesita-recoger-2000-avales-para-presentarse-en-las-proximas-elecciones-electorales-la-politica-que-tratamos-es-solamente-beneficiar-a-los-comercios-de-barrio-y-la-propied\/"]}]},{"@type":"BreadcrumbList","@id":"https:\/\/acv.pm\/index.php\/2023\/06\/07\/actua-como-un-politico-que-necesita-recoger-2000-avales-para-presentarse-en-las-proximas-elecciones-electorales-la-politica-que-tratamos-es-solamente-beneficiar-a-los-comercios-de-barrio-y-la-propied\/#breadcrumb","itemListElement":[{"@type":"ListItem","position":1,"name":"Portada","item":"https:\/\/acv.pm\/"},{"@type":"ListItem","position":2,"name":"Necesitamos recoger 2000 avales para presentarse en las pr\u00f3ximas elecciones electorales, la pol\u00edtica que tratamos es solamente beneficiar a los comercios de barrio y la propiedad privada de las personas que tienen inmuebles, para luchar contra los ocupas y los pagos de los inquilinos. El partido se llama ALIANZA POR EL COMERCIO Y LA VIVIENDA"}]},{"@type":"WebSite","@id":"https:\/\/acv.pm\/#website","url":"https:\/\/acv.pm\/","name":"Alianza por el Comercio y la Vivienda","description":"","publisher":{"@id":"https:\/\/acv.pm\/#organization"},"potentialAction":[{"@type":"SearchAction","target":{"@type":"EntryPoint","urlTemplate":"https:\/\/acv.pm\/?s={search_term_string}"},"query-input":"required name=search_term_string"}],"inLanguage":"es"},{"@type":"Organization","@id":"https:\/\/acv.pm\/#organization","name":"Alianza por el Comercio y la Vivienda","url":"https:\/\/acv.pm\/","logo":{"@type":"ImageObject","inLanguage":"es","@id":"https:\/\/acv.pm\/#\/schema\/logo\/image\/","url":"http:\/\/acv.pm\/wp-content\/uploads\/2023\/05\/logogif.gif","contentUrl":"http:\/\/acv.pm\/wp-content\/uploads\/2023\/05\/logogif.gif","width":377,"height":352,"caption":"Alianza por el Comercio y la Vivienda"},"image":{"@id":"https:\/\/acv.pm\/#\/schema\/logo\/image\/"},"sameAs":["https:\/\/www.facebook.com\/WWW.ACV.PM","https:\/\/www.youtube.com\/@AlianzaPorElComercioyVivienda"]},{"@type":"Person","@id":"https:\/\/acv.pm\/#\/schema\/person\/a3f24d0b74bae8d20b716f9842a536e7","name":"francisco","image":{"@type":"ImageObject","inLanguage":"es","@id":"https:\/\/acv.pm\/#\/schema\/person\/image\/","url":"https:\/\/secure.gravatar.com\/avatar\/914c4c655a7a28dfd531151de2b7b1c2?s=96&d=mm&r=g","contentUrl":"https:\/\/secure.gravatar.com\/avatar\/914c4c655a7a28dfd531151de2b7b1c2?s=96&d=mm&r=g","caption":"francisco"},"sameAs":["http:\/\/acv.pm"],"url":"https:\/\/acv.pm\/index.php\/author\/francisco\/"}]}},"jetpack_featured_media_url":"https:\/\/acv.pm\/wp-content\/uploads\/2023\/06\/photo_2023-06-07_21-38-18.jpg","_links":{"self":[{"href":"https:\/\/acv.pm\/index.php\/wp-json\/wp\/v2\/posts\/643"}],"collection":[{"href":"https:\/\/acv.pm\/index.php\/wp-json\/wp\/v2\/posts"}],"about":[{"href":"https:\/\/acv.pm\/index.php\/wp-json\/wp\/v2\/types\/post"}],"author":[{"embeddable":true,"href":"https:\/\/acv.pm\/index.php\/wp-json\/wp\/v2\/users\/1"}],"replies":[{"embeddable":true,"href":"https:\/\/acv.pm\/index.php\/wp-json\/wp\/v2\/comments?post=643"}],"version-history":[{"count":2,"href":"https:\/\/acv.pm\/index.php\/wp-json\/wp\/v2\/posts\/643\/revisions"}],"predecessor-version":[{"id":648,"href":"https:\/\/acv.pm\/index.php\/wp-json\/wp\/v2\/posts\/643\/revisions\/648"}],"wp:featuredmedia":[{"embeddable":true,"href":"https:\/\/acv.pm\/index.php\/wp-json\/wp\/v2\/media\/644"}],"wp:attachment":[{"href":"https:\/\/acv.pm\/index.php\/wp-json\/wp\/v2\/media?parent=643"}],"wp:term":[{"taxonomy":"category","embeddable":true,"href":"https:\/\/acv.pm\/index.php\/wp-json\/wp\/v2\/categories?post=643"},{"taxonomy":"post_tag","embeddable":true,"href":"https:\/\/acv.pm\/index.php\/wp-json\/wp\/v2\/tags?post=643"}],"curies":[{"name":"wp","href":"https:\/\/api.w.org\/{rel}","templated":true}]}}